{"id":590,"date":"2011-10-11T09:45:47","date_gmt":"2011-10-11T06:45:47","guid":{"rendered":"https:\/\/hknylmz.com\/Blog\/?p=590"},"modified":"2011-10-10T23:56:43","modified_gmt":"2011-10-10T20:56:43","slug":"tirebolu-42-cayinin-sirri","status":"publish","type":"post","link":"https:\/\/hknylmz.com\/Blog\/tirebolu-42-cayinin-sirri\/","title":{"rendered":"Tirebolu 42 \u00e7ay\u0131n\u0131n s\u0131rr\u0131"},"content":{"rendered":"<p>\u00d6ncelikle herkes gibi bende 42 neden diye sordum ?<!--more--> i\u015fte cevab\u0131<\/p>\n<blockquote><p>Ad\u0131n\u0131 H\u00fcseyin Avni Bey\u2019in kurdu\u011fu 42. Alay\u2019dan alan \u201cTireboli 42\u201d; Giresun y\u00f6resini tan\u0131tma \u00e7al\u0131\u015fmalar\u0131n\u0131n yan\u0131 s\u0131ra k\u00fclt\u00fcrel de\u011ferlerine de sahip \u00e7\u0131k\u0131yor.<\/p>\n<p>Peki\u00a0 kimdir H\u00fcseyin Avni Bey?<\/p>\n<p>H\u00fcseyin Avni (Alparslan) 1876\u2019da Tirebolu\u2019nun Cinta\u015f\u0131 Mahallesi\u2019nde do\u011fmu\u015ftur. \u0130lk tahsilinin ard\u0131ndan Trabzon \u0130dadisi ve Harbiye Mektebi\u2019nden mezun oldu. 1905\u2019te jandarma s\u0131n\u0131f\u0131na ge\u00e7mesinin akabinde 10 neferlik bir kuvvetle 100 ki\u015filik Yunan \u00e7etesini tesirsiz hale getirmesi ad\u0131n\u0131 duyuran ilk ba\u015far\u0131lardand\u0131r. 31 Mart Vak-a\u2019s\u0131n\u0131 bast\u0131rmak \u00fczere Selanik\u2019ten \u0130stanbul\u2019a gelen ordunun \u00f6nc\u00fc birli\u011finde yerald\u0131. Balkan Harbi ve 1. D\u00fcnya Sava\u015f\u0131\u2019nda tabur komutan\u0131 olarak g\u00f6rev yapt\u0131. Bir tabur Rus askerini imha eden birli\u011fi ile cansiperane m\u00fccadele ederken ayaklar\u0131 donan H\u00fcseyin Avni, ilk tedavisinin ard\u0131ndan tekrar birli\u011finin ba\u015f\u0131na ge\u00e7ti. Erzurum Trabzon Rize ve Kafkas illerinde \u00e7e\u015fitli g\u00f6revlerde bulundu. 1920\u2019de Pontus \u00e7etelerine kar\u015f\u0131 g\u00f6n\u00fcll\u00fclerden olu\u015fan Nizamiye Alay\u0131\u2019n\u0131 kuran H. Avni Bey komutas\u0131ndaki 42. Alay; en \u015fiddetli an\u0131nda Sakarya Muharebesine dahil oldu. 42. Alay en \u00f6nde sava\u015f\u0131rken, askerlerinin b\u00fcy\u00fck b\u00f6l\u00fcm\u00fc ve H\u00fcseyin Avni\u2019yi \u015fehit vererek Yunan ordusunu durdurmay\u0131 ba\u015farm\u0131\u015ft\u0131r.<\/p>\n<p>\u0130yi bir komutan olan H. Avni ayn\u0131 zamanda bir yazar ve d\u00fc\u015f\u00fcn\u00fcrd\u00fc. Yay\u0131nlanm\u0131\u015f tek yap\u0131t\u0131 ise \u201cTrabzon ili Laz m\u0131 T\u00fcrk m\u00fc?\u201d adl\u0131 eserdir.<br \/>\n<strong>42. Alay ve H\u00fcseyin Avni &#8230;<\/strong><br \/>\nKahramanl\u0131klar\u0131n\u0131z\u0131 unutmayaca\u011f\u0131z<\/p><\/blockquote>\n<table style=\"width: auto;\">\n<tbody>\n<tr>\n<td><a href=\"https:\/\/picasaweb.google.com\/lh\/photo\/C9mW7TxjtlXfkh3THsrf3Q?feat=embedwebsite\"><img loading=\"lazy\" decoding=\"async\" src=\"https:\/\/lh4.googleusercontent.com\/-jrSMTfJ8uJY\/TpNZ69W5lVI\/AAAAAAAAASw\/57M6-YlA8KI\/s400\/1.png\" alt=\"\" width=\"400\" height=\"130\" \/><\/a><\/td>\n<\/tr>\n<tr>\n<td style=\"font-family: arial,sans-serif; font-size: 11px; text-align: right;\">Kimden <a href=\"https:\/\/picasaweb.google.com\/113619936704626383542\/HakanYILMAZBlogFotograflar?authuser=0&amp;feat=embedwebsite\">Hakan YILMAZ Blog foto\u011fraflar\u0131<\/a><\/td>\n<\/tr>\n<\/tbody>\n<\/table>\n<p>Yolunuz Tirebolu dan ge\u00e7erse fabrikan\u0131n yan\u0131nda ki restoranda bir \u015feyler yeyip \u00e7ay\u0131 i\u00e7meyi unutmay\u0131n.<\/p>\n<table style=\"width: auto;\">\n<tbody>\n<tr>\n<td><a href=\"https:\/\/picasaweb.google.com\/lh\/photo\/mzkjWySYVmCInQ-kAw8tkg?feat=embedwebsite\"><img loading=\"lazy\" decoding=\"async\" src=\"https:\/\/lh5.googleusercontent.com\/-WmNvA3vpztI\/TpNZ6hD3eAI\/AAAAAAAAASs\/48SCHsBq7hc\/s400\/2.png\" alt=\"\" width=\"400\" height=\"168\" \/><\/a><\/td>\n<\/tr>\n<tr>\n<td style=\"font-family: arial,sans-serif; font-size: 11px; text-align: right;\">Kimden <a href=\"https:\/\/picasaweb.google.com\/113619936704626383542\/HakanYILMAZBlogFotograflar?authuser=0&amp;feat=embedwebsite\">Hakan YILMAZ Blog foto\u011fraflar\u0131<\/a><\/td>\n<\/tr>\n<\/tbody>\n<\/table>\n<p>42 nin s\u0131rr\u0131 \u00e7\u00f6z\u00fcld\u00fc de neden daha farkl\u0131 sorusuna ise<\/p>\n<blockquote><p>\u00c7ay yeti\u015fen co\u011frafyada iklimatolojik \u00f6zellikleri ile hemen fark\u0131n\u0131 hissettiriyor. Tirebolu\u2019nun bol g\u00fcne\u015fi ile kuvvetlenen \u00e7ay aromas\u0131 ve buyruklu\u011fu, y\u00f6renin kendine has topra\u011f\u0131nda yeti\u015fen gen\u00e7 \u00e7ay bitkilerinin filizlerin de doyuma ula\u015f\u0131yor. Y\u00fcksek irtifada, denize bakan dik yama\u00e7larda yeti\u015fen yapraklar, toplan\u0131rken de i\u015flenirken de geleneksel y\u00f6ntemlere ba\u011fl\u0131 kal\u0131narak kaliteden \u00f6d\u00fcn vermeden \u00f6zel olarak \u00fcretilip \u00f6zenle paketleniyor.<\/p><\/blockquote>\n<table style=\"width: auto;\">\n<tbody>\n<tr>\n<td><a href=\"https:\/\/picasaweb.google.com\/lh\/photo\/3XzETtCLy_TjMLJLlJFT2A?feat=embedwebsite\"><img loading=\"lazy\" decoding=\"async\" src=\"https:\/\/lh6.googleusercontent.com\/-iXJOP4ICeTU\/TpNZ8lTMx4I\/AAAAAAAAAS0\/D9vFUa8y2BE\/s400\/3.jpg\" alt=\"\" width=\"400\" height=\"200\" \/><\/a><\/td>\n<\/tr>\n<tr>\n<td style=\"font-family: arial,sans-serif; font-size: 11px; text-align: right;\">Kimden <a href=\"https:\/\/picasaweb.google.com\/113619936704626383542\/HakanYILMAZBlogFotograflar?authuser=0&amp;feat=embedwebsite\">Hakan YILMAZ Blog foto\u011fraflar\u0131<\/a><\/td>\n<\/tr>\n<\/tbody>\n<\/table>\n<table style=\"width: auto;\">\n<tbody>\n<tr>\n<td><a href=\"https:\/\/picasaweb.google.com\/lh\/photo\/UqmbVUVEOh8xgrqhXRuBnQ?feat=embedwebsite\"><img loading=\"lazy\" decoding=\"async\" src=\"https:\/\/lh6.googleusercontent.com\/-Yg6HCDVQTPc\/TpNZ_D6mEAI\/AAAAAAAAAS4\/bn-lBpq4Nc4\/s400\/4.jpg\" alt=\"\" width=\"400\" height=\"200\" \/><\/a><\/td>\n<\/tr>\n<tr>\n<td style=\"font-family: arial,sans-serif; font-size: 11px; text-align: right;\">Kimden <a href=\"https:\/\/picasaweb.google.com\/113619936704626383542\/HakanYILMAZBlogFotograflar?authuser=0&amp;feat=embedwebsite\">Hakan YILMAZ Blog foto\u011fraflar\u0131<\/a><\/td>\n<\/tr>\n<\/tbody>\n<\/table>\n<p>Daha fazla bilgi almak isterseniz <a title=\"Tirebolucay \" href=\"http:\/\/tirebolucay.com\/\" target=\"_blank\">buradan<\/a> buyurun \ud83d\ude42<\/p>\n<p>Neden yaz\u0131y\u0131 yazd\u0131m derseniz oradayd\u0131m uzun zaman sonra. \u00d6ylece orada akl\u0131ma geliverdi \ud83d\ude42<\/p>\n","protected":false},"excerpt":{"rendered":"<p>\u00d6ncelikle herkes gibi bende 42 neden diye sordum ?<\/p>\n","protected":false},"author":1,"featured_media":0,"comment_status":"open","ping_status":"open","sticky":false,"template":"","format":"standard","meta":{"footnotes":""},"categories":[1],"tags":[188,189,187],"class_list":["post-590","post","type-post","status-publish","format-standard","hentry","category-genel","tag-188","tag-cay","tag-tirebolu"],"_links":{"self":[{"href":"https:\/\/hknylmz.com\/Blog\/wp-json\/wp\/v2\/posts\/590","targetHints":{"allow":["GET"]}}],"collection":[{"href":"https:\/\/hknylmz.com\/Blog\/wp-json\/wp\/v2\/posts"}],"about":[{"href":"https:\/\/hknylmz.com\/Blog\/wp-json\/wp\/v2\/types\/post"}],"author":[{"embeddable":true,"href":"https:\/\/hknylmz.com\/Blog\/wp-json\/wp\/v2\/users\/1"}],"replies":[{"embeddable":true,"href":"https:\/\/hknylmz.com\/Blog\/wp-json\/wp\/v2\/comments?post=590"}],"version-history":[{"count":0,"href":"https:\/\/hknylmz.com\/Blog\/wp-json\/wp\/v2\/posts\/590\/revisions"}],"wp:attachment":[{"href":"https:\/\/hknylmz.com\/Blog\/wp-json\/wp\/v2\/media?parent=590"}],"wp:term":[{"taxonomy":"category","embeddable":true,"href":"https:\/\/hknylmz.com\/Blog\/wp-json\/wp\/v2\/categories?post=590"},{"taxonomy":"post_tag","embeddable":true,"href":"https:\/\/hknylmz.com\/Blog\/wp-json\/wp\/v2\/tags?post=590"}],"curies":[{"name":"wp","href":"https:\/\/api.w.org\/{rel}","templated":true}]}}