{"id":208,"date":"2011-04-12T22:48:18","date_gmt":"2011-04-12T19:48:18","guid":{"rendered":"https:\/\/hknylmz.com\/Blog\/?p=208"},"modified":"2011-04-12T22:48:18","modified_gmt":"2011-04-12T19:48:18","slug":"turkiyede-internet-18-yasinda","status":"publish","type":"post","link":"https:\/\/hknylmz.com\/Blog\/turkiyede-internet-18-yasinda\/","title":{"rendered":"T\u00fcrkiye&#8217;de internet 18 ya\u015f\u0131nda"},"content":{"rendered":"<p><img loading=\"lazy\" decoding=\"async\" class=\"alignnone\" title=\"internet\" src=\"http:\/\/t1.gstatic.com\/images?q=tbn:ANd9GcRGdvAuE6PqIV2YLDpDs_-2Vqm4dGawJmPjK4qlG-1EUcgG9GBQ\" alt=\"\" width=\"259\" height=\"194\" \/><\/p>\n<p>T\u00fcrkiye&#8217;de internet 18. y\u0131l\u0131n\u0131 kutluyor. Bu kapsamda 11-24 Nisan tarihleri aras\u0131nda \u0130nternet Haftas\u0131 kutlanacak.<!--more--><\/p>\n<p>T\u00fcrkiye, bili\u015fim sivil toplum kurulu\u015flar\u0131 \u00f6nc\u00fcl\u00fc\u011f\u00fcnde 11-24 Nisan tarihleri aras\u0131nda \u0130nternet Haftas\u0131&#8217;n\u0131 kutlayacak. \u00dcniversiteler, okullar, bili\u015fim firmalar\u0131, sivil toplum kurulu\u015flar\u0131, ticaret ve sanayi odalar\u0131 deste\u011fi ile T\u00fcrkiye&#8217;nin her k\u00f6\u015fesinde \u0130nternet Haftas\u0131 etkinlikleri yap\u0131lacak.<\/p>\n<p>\u0130nternetin 18 ya\u015f do\u011fum g\u00fcn\u00fc pastas\u0131 Ankara d\u0131\u015f\u0131nda, Samsun, Diyarbak\u0131r, Manisa ve \u0130stanbul&#8217;un ard\u0131ndan Tunceli \u00dcniversitesi&#8217;nde kesilecek.<\/p>\n<p>\u0130nternet Teknolojileri Derne\u011fi Ba\u015fkan\u0131 Do\u00e7. Dr. Mustafa Akg\u00fcl&#8217;\u00fcn verdi\u011fi bilgiye g\u00f6re, \u0130nternet Haftas\u0131 toplumda internet k\u00fclt\u00fcr\u00fcn\u00fc yaymak, internet bilincini yaratmak, interneti tan\u0131tmak, b\u00fcy\u00fctmek, yeni projeler ba\u015flatmak, sorunlar\u0131 ve \u00e7\u00f6z\u00fcm yollar\u0131n\u0131 tart\u0131\u015fmak, interneti T\u00fcrkiye g\u00fcndemine yerle\u015ftirmeyi ama\u00e7l\u0131yor.<\/p>\n<p>Hafta boyunca, bilgi toplumu, e-d\u00f6n\u00fc\u015f\u00fcm, e-t\u00fcrkiye ve e-devlet kavramlar\u0131n\u0131n geni\u015f kitlelerle tan\u0131\u015ft\u0131r\u0131lmas\u0131 ve &#8221;\u0130nternet ve Bili\u015fim F\u0131rt\u0131nas\u0131&#8221; yarat\u0131lmak isteniyor.<\/p>\n<p>\u0130nternet Haftas\u0131 etkinliklerinde T\u00fcrkiye internetinin g\u00fcndemindeki konular aras\u0131ndaki i\u015f ya\u015fam\u0131, e\u011fitim, k\u00fclt\u00fcr ve demokrasi, bireysel g\u00fcvenlik, g\u00fcvenli internet, sosyal a\u011flar tart\u0131\u015f\u0131lacak.<\/p>\n<p>Hafta boyunca yap\u0131lacak etkinlikler, daha \u00e7ok Do\u011fu ve G\u00fcneydo\u011fu Anadolu ile Ege ve Marmara b\u00f6lgelerinde yap\u0131lacak. \u0130nternet Haftas\u0131nda bir ekip s\u0131ras\u0131yla Diyarbak\u0131r, Tunceli, Bing\u00f6l, Bitlis, Van, Hakkari, Erzurum, Ardahan, Batman ve Mardin&#8217;i dola\u015facak, seminer ve konferanslar verecek.<\/p>\n<p>\u0130zmir ve Manisa&#8217;da yo\u011fun etkinlikler yap\u0131lacak. \u0130stanbul&#8217;da Galatasaray \u00dcniversitesi&#8217;nde &#8221;TEKIL Konferans\u0131&#8221;, Y\u0131ld\u0131z Teknikte &#8221;\u0130nternet Yasaklar\u0131 ve Giri\u015fimcilik Paneli&#8221; yap\u0131lacak. Ayr\u0131ca Kocaeli, Bursa, U\u015fak, Osmaniye, Kahramanmara\u015f, Sinop ve Ankara&#8217;da da etkinlikler olacak.<\/p>\n<p>Etkinlikler, <a title=\"internet haftas\u0131\" href=\"http:\/\/internethaftasi.org.tr\" target=\"_blank\">internethaftasi<\/a> adresinden izlenebilecek. Yap\u0131lacak t\u00fcm etkinlikler, herkese a\u00e7\u0131k ve \u00fccretsiz olacak.<\/p>\n<p>&nbsp;<\/p>\n","protected":false},"excerpt":{"rendered":"<p>T\u00fcrkiye&#8217;de internet 18. y\u0131l\u0131n\u0131 kutluyor. Bu kapsamda 11-24 Nisan tarihleri aras\u0131nda \u0130nternet Haftas\u0131 kutlanacak.<\/p>\n","protected":false},"author":1,"featured_media":0,"comment_status":"open","ping_status":"open","sticky":false,"template":"","format":"standard","meta":{"footnotes":""},"categories":[1],"tags":[81,58,80,82],"class_list":["post-208","post","type-post","status-publish","format-standard","hentry","category-genel","tag-81","tag-internet-2","tag-turkiye","tag-yas"],"_links":{"self":[{"href":"https:\/\/hknylmz.com\/Blog\/wp-json\/wp\/v2\/posts\/208","targetHints":{"allow":["GET"]}}],"collection":[{"href":"https:\/\/hknylmz.com\/Blog\/wp-json\/wp\/v2\/posts"}],"about":[{"href":"https:\/\/hknylmz.com\/Blog\/wp-json\/wp\/v2\/types\/post"}],"author":[{"embeddable":true,"href":"https:\/\/hknylmz.com\/Blog\/wp-json\/wp\/v2\/users\/1"}],"replies":[{"embeddable":true,"href":"https:\/\/hknylmz.com\/Blog\/wp-json\/wp\/v2\/comments?post=208"}],"version-history":[{"count":0,"href":"https:\/\/hknylmz.com\/Blog\/wp-json\/wp\/v2\/posts\/208\/revisions"}],"wp:attachment":[{"href":"https:\/\/hknylmz.com\/Blog\/wp-json\/wp\/v2\/media?parent=208"}],"wp:term":[{"taxonomy":"category","embeddable":true,"href":"https:\/\/hknylmz.com\/Blog\/wp-json\/wp\/v2\/categories?post=208"},{"taxonomy":"post_tag","embeddable":true,"href":"https:\/\/hknylmz.com\/Blog\/wp-json\/wp\/v2\/tags?post=208"}],"curies":[{"name":"wp","href":"https:\/\/api.w.org\/{rel}","templated":true}]}}